{"id":32647,"date":"2025-01-22T15:22:20","date_gmt":"2025-01-22T20:22:20","guid":{"rendered":"https:\/\/mexplor.co\/danza-de-los-viejitos-de-michoacan-mascaras-zapateado-y-mucha-alegria-2\/"},"modified":"2025-01-24T16:42:36","modified_gmt":"2025-01-24T21:42:36","slug":"danza-de-los-viejitos-de-michoacan-mascaras-zapateado-y-mucha-alegria-2","status":"publish","type":"post","link":"https:\/\/mexplor.co\/es\/danza-de-los-viejitos-de-michoacan-mascaras-zapateado-y-mucha-alegria-2\/","title":{"rendered":"Danza de los Viejitos\u200b de Michoac\u00e1n: m\u00e1scaras, zapateado y mucha alegr\u00eda"},"content":{"rendered":"<p><img decoding=\"async\" src=\"https:\/\/blog.xcaret.com\/es\/wp-content\/uploads\/2020\/04\/Danza-de-los-Viejitos%E2%80%8B-ma%CC%81scara.jpg\" style=\"max-width:600px;\" alt=\"Diving\" title=\"MExplor\"><br \/>\nPensar en Michoac\u00e1n es traer a la mente mariposas monarca, carnitas, corundas, pueblos m\u00e1gicos, el aut\u00e9ntico d\u00eda de muertos\u00a0y, \u00a1c\u00f3mo no!\u00a0La<strong>\u00a0tradicional Danza de\u00a0los Viejitos<\/strong>.\u00a0Michoac\u00e1n es un estado con\u00a0una gran oferta en cuanto a cultura y\u00a0belleza natural,\u00a0lo cual lo ha llevado a ser\u00a0reconocido por la UNESCO en distintas ocasiones:\u00a0<\/p>\n<ul>\n<li>El centro hist\u00f3rico de\u00a0Morelia, su capital, fue\u00a0declarado Patrimonio Cultural de la Humanidad en 1991.\u00a0<\/li>\n<li>Las fiestas ind\u00edgenas dedicadas a los muertos, la\u00a0Pirekua\u00a0(canto tradicional ind\u00edgena)\u00a0y la\u00a0danza de los\u00a0viejitos\u00a0son Patrimonio Intangible de la Humanidad desde 2003.\u00a0<\/li>\n<li>La Reserva de la biosfera de la Mariposa Monarca fue declarada Patrimonio Natural de la Humanidad en 2008.\u00a0<\/li>\n<\/ul>\n<figure><img fetchpriority=\"high\" decoding=\"async\" src=\"https:\/\/blog.xcaret.com\/es\/wp-content\/uploads\/2020\/04\/Danza-de-los-Viejitos\u200b-ma\u0301scara.jpg\" alt=\"Diving\" width=\"589\" height=\"331\" srcset=\"https:\/\/blog.xcaret.com\/es\/wp-content\/uploads\/2020\/04\/Danza-de-los-Viejitos\u200b-ma\u0301scara.jpg 512w, https:\/\/blog.xcaret.com\/es\/wp-content\/uploads\/2020\/04\/Danza-de-los-Viejitos\u200b-ma\u0301scara-300x169.jpg 300w\" sizes=\"(max-width: 589px) 100vw, 589px\" title=\"MExplor\"><\/figure>\n<p>Adem\u00e1s,\u00a0\u00bfqui\u00e9n podr\u00eda resistirse a un estado con\u00a0ocho Pueblos M\u00e1gicos?\u00a0\u00a1S\u00ed, ocho!\u00a0As\u00ed es,\u00a0Michoac\u00e1n ha regalado al mundo\u00a0color y alegr\u00eda\u00a0desde \u00e9pocas prehisp\u00e1nicas hasta nuestros d\u00edas.\u00a0<\/p>\n<h3><strong>El origen de la Danza de los Viejitos<\/strong><\/h3>\n<p>En la actualidad, la\u00a0danza de los viejitos es\u00a0uno de los bailes\u00a0m\u00e1s representativas de este precioso estado. Su origen nos lleva al\u00a0pueblo de Jar\u00e1cuaro, cercano al lago de P\u00e1tzcuaro,\u00a0durante\u00a0la \u00e9poca prehisp\u00e1nica,\u00a0cuando formaba parte del ritual en honor al\u00a0Dios\u00a0Viejo,\u00a0Dios del\u00a0Fuego\u00a0o Dios Sol.\u00a0<\/p>\n<figure><img decoding=\"async\" src=\"https:\/\/blog.xcaret.com\/es\/wp-content\/uploads\/2020\/04\/Danza-de-los-Viejitos\u200b-historia.jpg\" alt=\"Diving\" width=\"444\" height=\"456\" srcset=\"https:\/\/blog.xcaret.com\/es\/wp-content\/uploads\/2020\/04\/Danza-de-los-Viejitos\u200b-historia.jpg 383w, https:\/\/blog.xcaret.com\/es\/wp-content\/uploads\/2020\/04\/Danza-de-los-Viejitos\u200b-historia-292x300.jpg 292w\" sizes=\"(max-width: 444px) 100vw, 444px\" title=\"MExplor\"><\/figure>\n<p>En honor a este dios, que en Michoac\u00e1n es conocido como\u00a0Tata\u00a0Jurhiata, los cuatro chamanes m\u00e1s viejos y sabios, llamados\u00a0pet\u00e1mutis,\u00a0danzaban cada cambio de estaci\u00f3n.\u00a0Uno de ellos, usaba una m\u00e1scara de ni\u00f1o, que representaba la estaci\u00f3n que estaba llegando y los otros tres\u00a0portaban m\u00e1scaras de ancianos, recordando las estaciones pasadas.\u00a0<br \/>\nEn 1530, esta danza fue prohibida por los espa\u00f1oles, por lo que comenz\u00f3 a practicarse a escondidas. Esto\u00a0le dio un nuevo significado,\u00a0ya que\u00a0comenz\u00f3 a interpretarse como una burla hacia los\u00a0colonizadores\u00a0al darse cuenta de que\u00a0envejec\u00edan\u00a0m\u00e1s\u00a0r\u00e1pido, sufr\u00edan\u00a0de m\u00e1s achaques\u00a0por la edad\u00a0y su piel se\u00a0pon\u00eda roja\u00a0con\u00a0el sol.\u00a0<\/p>\n<blockquote><p><strong>Tambi\u00e9n lee:<\/strong> <a rel=\"noreferrer noopener nofollow\" aria-label=\"Aprende a Bailar Salsa o Bachata (opens in a new tab)\" href=\"https:\/\/steve.dance\/salsa-dancing\/\" target=\"_blank\">Aprende a bailar Salsa o Bachata <\/a><\/p><\/blockquote>\n<h3><strong>Vestimenta tradicional<\/strong>\u00a0<\/h3>\n<p>La vestimenta tradicional\u00a0para este baile\u00a0se compone de un pantal\u00f3n y una camisa de manta blanca cubierta por un colorido sarape o jorongo, as\u00ed como una m\u00e1scara de madera o pasta de ca\u00f1a\u00a0pintada como si fuera\u00a0un anciano sonriente,\u00a0una cabellera falsa hecha con fibra de zacate\u00a0(simulando el cabello rubio de los espa\u00f1oles), un sombrero adornado de listones multicolores, un bast\u00f3n\u00a0y huaraches con suela de madera.\u00a0<\/p>\n<figure><img decoding=\"async\" src=\"https:\/\/blog.xcaret.com\/es\/wp-content\/uploads\/2020\/04\/Danza-de-los-Viejitos\u200b-Michoacan-1024x768.jpg\" alt=\"Diving\" width=\"589\" height=\"441\" srcset=\"https:\/\/blog.xcaret.com\/es\/wp-content\/uploads\/2020\/04\/Danza-de-los-Viejitos\u200b-Michoacan-1024x768.jpg 1024w, https:\/\/blog.xcaret.com\/es\/wp-content\/uploads\/2020\/04\/Danza-de-los-Viejitos\u200b-Michoacan-300x225.jpg 300w, https:\/\/blog.xcaret.com\/es\/wp-content\/uploads\/2020\/04\/Danza-de-los-Viejitos\u200b-Michoacan-768x576.jpg 768w, https:\/\/blog.xcaret.com\/es\/wp-content\/uploads\/2020\/04\/Danza-de-los-Viejitos\u200b-Michoacan-1080x810.jpg 1080w\" sizes=\"(max-width: 589px) 100vw, 589px\" title=\"MExplor\"><\/figure>\n<h3><strong>La <\/strong>D<strong>anza de los Viejitos en la actualidad<\/strong>\u00a0<\/h3>\n<p>En la actualidad, podemos seguir\u00a0celebrando la vida\u00a0junto con los danzantes de esta alegre danza\u00a0en\u00a0los pueblos m\u00e1gicos de Michoac\u00e1n en\u00a0el D\u00eda de la\u00a0Candelaria (2 de febrero), D\u00eda de la\u00a0Epifan\u00eda\u00a0(6 de enero) y en Navidad (25 de diciembre).\u00a0<br \/>\nDe igual forma, en <a href=\"https:\/\/www.xcaret.com\/es\/acerca-de-xcaret\/\" target=\"_blank\" rel=\"noreferrer noopener nofollow\" aria-label=\"Parque Xcaret  (opens in a new tab)\">Parque Xcaret <\/a>podr\u00e1s\u00a0disfrutar de\u00a0la danza\u00a0de los\u00a0viejitos\u00a0en\u00a0la presentaci\u00f3n de noche, Xcaret\u00a0M\u00e9xico Espectacular,\u00a0y sentir las emociones rodar desde tus ojos\u00a0al ver a los danzantes zapatear en armon\u00eda,\u00a0entregados a este baile y a su p\u00fablico. En este video, podr\u00e1s conocer un poco m\u00e1s de ellos y c\u00f3mo se preparan d\u00eda a d\u00eda para salir a vibrar de colores y alegr\u00eda en el escenario del Gran\u00a0Tlachco, \u00a1disfr\u00fatalo!\u00a0<\/p>\n<figure><img loading=\"lazy\" decoding=\"async\" src=\"https:\/\/blog.xcaret.com\/es\/wp-content\/uploads\/2020\/04\/danza-viejitos-xcaret-michoacan-1024x1024.jpg\" alt=\"Danza de los viejitos en Xcaret\" width=\"768\" height=\"768\" srcset=\"https:\/\/blog.xcaret.com\/es\/wp-content\/uploads\/2020\/04\/danza-viejitos-xcaret-michoacan-1024x1024.jpg 1024w, https:\/\/blog.xcaret.com\/es\/wp-content\/uploads\/2020\/04\/danza-viejitos-xcaret-michoacan-150x150.jpg 150w, https:\/\/blog.xcaret.com\/es\/wp-content\/uploads\/2020\/04\/danza-viejitos-xcaret-michoacan-300x300.jpg 300w, https:\/\/blog.xcaret.com\/es\/wp-content\/uploads\/2020\/04\/danza-viejitos-xcaret-michoacan-768x768.jpg 768w, https:\/\/blog.xcaret.com\/es\/wp-content\/uploads\/2020\/04\/danza-viejitos-xcaret-michoacan.jpg 1080w, https:\/\/blog.xcaret.com\/es\/wp-content\/uploads\/2020\/04\/danza-viejitos-xcaret-michoacan-440x440.jpg 440w\" sizes=\"(max-width: 768px) 100vw, 768px\" title=\"MExplor\"><\/figure>\n<blockquote><p><strong>\u00bfQuieres ver este espect\u00e1culo? Lee:<\/strong> <a rel=\"noreferrer noopener nofollow\" aria-label=\"Todo lo que debes saber sobre Xcaret M\u00e9xico Espectacular (opens in a new tab)\" href=\"https:\/\/blog.xcaret.com\/es\/lo-debes-saber-xcaret-mexico-espectacular\/\" target=\"_blank\">Todo lo que debes saber sobre Xcaret M\u00e9xico Espectacular<\/a><\/p><\/blockquote>\n<p>Adem\u00e1s de esta oda a la alegr\u00eda que es la Danza de los Viejitos\u200b,\u00a0Michoac\u00e1n est\u00e1 presente\u00a0en Xcaret M\u00e9xico Espectacular\u00a0a trav\u00e9s\u00a0de\u00a0la\u00a0Pirekua,\u00a0canto tradicional de las comunidades ind\u00edgenas pur\u00e9pechas,\u00a0donde los actores en escena se acompa\u00f1an por coros y conjuntos musicales de cuerda y viento.\u00a0<\/p>\n<figure><img loading=\"lazy\" decoding=\"async\" src=\"https:\/\/blog.xcaret.com\/es\/wp-content\/uploads\/2020\/04\/danza-viejitos-xcaret-pirekua-1024x1024.jpg\" alt=\"Michoac\u00e1n est\u00e1 presente en Xcaret M\u00e9xico Espectacular \" width=\"768\" height=\"768\" srcset=\"https:\/\/blog.xcaret.com\/es\/wp-content\/uploads\/2020\/04\/danza-viejitos-xcaret-pirekua-1024x1024.jpg 1024w, https:\/\/blog.xcaret.com\/es\/wp-content\/uploads\/2020\/04\/danza-viejitos-xcaret-pirekua-150x150.jpg 150w, https:\/\/blog.xcaret.com\/es\/wp-content\/uploads\/2020\/04\/danza-viejitos-xcaret-pirekua-300x300.jpg 300w, https:\/\/blog.xcaret.com\/es\/wp-content\/uploads\/2020\/04\/danza-viejitos-xcaret-pirekua-768x768.jpg 768w, https:\/\/blog.xcaret.com\/es\/wp-content\/uploads\/2020\/04\/danza-viejitos-xcaret-pirekua.jpg 1080w, https:\/\/blog.xcaret.com\/es\/wp-content\/uploads\/2020\/04\/danza-viejitos-xcaret-pirekua-440x440.jpg 440w\" sizes=\"(max-width: 768px) 100vw, 768px\" title=\"MExplor\"><\/figure>\n<p><a rel=\"noreferrer noopener nofollow\" aria-label=\"Xcaret M\u00e9xico Espectacular  (opens in a new tab)\" href=\"https:\/\/www.xcaret.com\/es\/atracciones\/xcaret-mexico-espectacular\/\" target=\"_blank\">Xcaret M\u00e9xico Espectacular <\/a>se enorgullece en mostrar lo mejor de cada estado\u00a0desde sus sonidos, colores y tradiciones hasta\u00a0sus poblaciones en condiciones de vulnerabilidad. Visibilizar a nuestras\u00a0comunidades ind\u00edgenas\u00a0y\u00a0personas de la tercera\u00a0edad\u00a0nos impulsa como sociedad a reconocer su valor\u00a0y unirnos por un mundo que ofrezca igualdad de oportunidades para todos.\u00a0<br \/>\n<iframe width=\"560\" height=\"315\" src=\"https:\/\/www.youtube-nocookie.com\/embed\/puZZgpU8Obk\" frameborder=\"0\" allow=\"accelerometer; autoplay; encrypted-media; gyroscope; picture-in-picture\" allowfullscreen=\"\"><\/iframe><\/p>\n<p style=\"text-align:center\"><strong>\u00bfQu\u00e9 m\u00e1s te gustar\u00eda saber sobre las presentaciones art\u00edsticas de Xcaret?<\/strong><\/p>\n<figure><img decoding=\"async\" src=\"https:\/\/blog.xcaret.com\/es\/wp-content\/uploads\/2020\/04\/Ma\u0301scaras-alegri\u0301a-y-zapateado-la-fo\u0301rmula-de-la-Danza-de-los-Viejitos\u200b-683x1024.jpg\" alt=\"M\u00e1scaras, alegr\u00eda y zapateado: la f\u00f3rmula de la Danza de los Viejitos\u200b\" srcset=\"https:\/\/blog.xcaret.com\/es\/wp-content\/uploads\/2020\/04\/Ma\u0301scaras-alegri\u0301a-y-zapateado-la-fo\u0301rmula-de-la-Danza-de-los-Viejitos\u200b-683x1024.jpg 683w, https:\/\/blog.xcaret.com\/es\/wp-content\/uploads\/2020\/04\/Ma\u0301scaras-alegri\u0301a-y-zapateado-la-fo\u0301rmula-de-la-Danza-de-los-Viejitos\u200b-200x300.jpg 200w, https:\/\/blog.xcaret.com\/es\/wp-content\/uploads\/2020\/04\/Ma\u0301scaras-alegri\u0301a-y-zapateado-la-fo\u0301rmula-de-la-Danza-de-los-Viejitos\u200b.jpg 735w\" sizes=\"(max-width: 683px) 100vw, 683px\" title=\"MExplor\"><\/figure>\n<p><strong>Si te gust\u00f3 la Danza de los Viejitos\u200b, tambi\u00e9n te van a gustar estas otras danzas en Xcaret M\u00e9xico Espectacular: <\/strong><\/p>\n<ul>\n<li><a rel=\"noreferrer noopener nofollow\" aria-label=\"Flor de Pi\u00f1a, una danza tradicional de Oaxaca en Xcaret (opens in a new tab)\" href=\"https:\/\/blog.xcaret.com\/es\/flor-de-pina-tradicion-oaxaquena-en-xcaret\/\" target=\"_blank\">Flor de Pi\u00f1a, una danza tradicional de Oaxaca en Xcaret<\/a><\/li>\n<\/ul>\n<ul>\n<li><a rel=\"noreferrer noopener nofollow\" aria-label=\"M\u00fasica que llena el alma, el Son Jarocho de Veracruz (opens in a new tab)\" href=\"https:\/\/blog.xcaret.com\/es\/musica-que-llena-el-alma-el-son-jarocho-de-veracruz\/\" target=\"_blank\">M\u00fasica que llena el alma, el Son Jarocho de Veracruz<\/a><\/li>\n<\/ul>\n<p>The post <a rel=\"nofollow noopener\" href=\"https:\/\/blog.xcaret.com\/es\/danza-de-los-viejitos\/\" target=\"_blank\">Danza de los Viejitos\u200b de Michoac\u00e1n: m\u00e1scaras, zapateado y mucha alegr\u00eda<\/a> appeared first on <a rel=\"nofollow noopener\" href=\"https:\/\/blog.xcaret.com\/es\" target=\"_blank\">Blog Xcaret<\/a>.<br \/>\nhttps:\/\/ift.tt\/2VrrjHu<\/p>","protected":false},"excerpt":{"rendered":"<p>Pensar en Michoac\u00e1n es traer a la mente mariposas monarca, carnitas, corundas, pueblos m\u00e1gicos, el aut\u00e9ntico d\u00eda de muertos\u00a0y, \u00a1c\u00f3mo no!\u00a0La\u00a0tradicional Danza de\u00a0los Viejitos.\u00a0Michoac\u00e1n es un estado con\u00a0una gran oferta en cuanto a cultura y\u00a0belleza natural,\u00a0lo cual lo ha llevado a ser\u00a0reconocido por la UNESCO en distintas ocasiones:\u00a0 El centro hist\u00f3rico de\u00a0Morelia, su capital, fue\u00a0declarado [&hellip;]<\/p>\n","protected":false},"author":1,"featured_media":0,"comment_status":"open","ping_status":"open","sticky":false,"template":"","format":"standard","meta":{"site-sidebar-layout":"default","site-content-layout":"","ast-site-content-layout":"default","site-content-style":"default","site-sidebar-style":"default","ast-global-header-display":"","ast-banner-title-visibility":"","ast-main-header-display":"","ast-hfb-above-header-display":"","ast-hfb-below-header-display":"","ast-hfb-mobile-header-display":"","site-post-title":"","ast-breadcrumbs-content":"","ast-featured-img":"","footer-sml-layout":"","ast-disable-related-posts":"","theme-transparent-header-meta":"","adv-header-id-meta":"","stick-header-meta":"","header-above-stick-meta":"","header-main-stick-meta":"","header-below-stick-meta":"","astra-migrate-meta-layouts":"default","ast-page-background-enabled":"default","ast-page-background-meta":{"desktop":{"background-color":"","background-image":"","background-repeat":"repeat","background-position":"center center","background-size":"auto","background-attachment":"scroll","background-type":"","background-media":"","overlay-type":"","overlay-color":"","overlay-opacity":"","overlay-gradient":""},"tablet":{"background-color":"","background-image":"","background-repeat":"repeat","background-position":"center center","background-size":"auto","background-attachment":"scroll","background-type":"","background-media":"","overlay-type":"","overlay-color":"","overlay-opacity":"","overlay-gradient":""},"mobile":{"background-color":"","background-image":"","background-repeat":"repeat","background-position":"center center","background-size":"auto","background-attachment":"scroll","background-type":"","background-media":"","overlay-type":"","overlay-color":"","overlay-opacity":"","overlay-gradient":""}},"ast-content-background-meta":{"desktop":{"background-color":"var(--ast-global-color-5)","background-image":"","background-repeat":"repeat","background-position":"center center","background-size":"auto","background-attachment":"scroll","background-type":"","background-media":"","overlay-type":"","overlay-color":"","overlay-opacity":"","overlay-gradient":""},"tablet":{"background-color":"var(--ast-global-color-5)","background-image":"","background-repeat":"repeat","background-position":"center center","background-size":"auto","background-attachment":"scroll","background-type":"","background-media":"","overlay-type":"","overlay-color":"","overlay-opacity":"","overlay-gradient":""},"mobile":{"background-color":"var(--ast-global-color-5)","background-image":"","background-repeat":"repeat","background-position":"center center","background-size":"auto","background-attachment":"scroll","background-type":"","background-media":"","overlay-type":"","overlay-color":"","overlay-opacity":"","overlay-gradient":""}},"footnotes":""},"categories":[4048],"tags":[],"class_list":["post-32647","post","type-post","status-publish","format-standard","hentry","category-pto-morelos-agency-es"],"_links":{"self":[{"href":"https:\/\/mexplor.co\/es\/wp-json\/wp\/v2\/posts\/32647","targetHints":{"allow":["GET"]}}],"collection":[{"href":"https:\/\/mexplor.co\/es\/wp-json\/wp\/v2\/posts"}],"about":[{"href":"https:\/\/mexplor.co\/es\/wp-json\/wp\/v2\/types\/post"}],"author":[{"embeddable":true,"href":"https:\/\/mexplor.co\/es\/wp-json\/wp\/v2\/users\/1"}],"replies":[{"embeddable":true,"href":"https:\/\/mexplor.co\/es\/wp-json\/wp\/v2\/comments?post=32647"}],"version-history":[{"count":1,"href":"https:\/\/mexplor.co\/es\/wp-json\/wp\/v2\/posts\/32647\/revisions"}],"predecessor-version":[{"id":33136,"href":"https:\/\/mexplor.co\/es\/wp-json\/wp\/v2\/posts\/32647\/revisions\/33136"}],"wp:attachment":[{"href":"https:\/\/mexplor.co\/es\/wp-json\/wp\/v2\/media?parent=32647"}],"wp:term":[{"taxonomy":"category","embeddable":true,"href":"https:\/\/mexplor.co\/es\/wp-json\/wp\/v2\/categories?post=32647"},{"taxonomy":"post_tag","embeddable":true,"href":"https:\/\/mexplor.co\/es\/wp-json\/wp\/v2\/tags?post=32647"}],"curies":[{"name":"wp","href":"https:\/\/api.w.org\/{rel}","templated":true}]}}